
{"id":1500,"date":"2016-02-22T10:15:45","date_gmt":"2016-02-22T08:15:45","guid":{"rendered":"http:\/\/www.accuna.es\/?p=1500"},"modified":"2016-02-22T10:15:45","modified_gmt":"2016-02-22T08:15:45","slug":"estoy-embarazada-y-ahora-que-hago","status":"publish","type":"post","link":"https:\/\/www.accuna.es\/blog\/estoy-embarazada-y-ahora-que-hago\/","title":{"rendered":"Estoy embarazada. Y ahora, \u00bfqu\u00e9 hago?"},"content":{"rendered":"<p style=\"text-align: justify;\">\u00bfTe has hecho un <strong>test de embarazo<\/strong> y han aparecido dos rayas? S\u00ed, es lo que piensas, est\u00e1s <strong>embarazada.<\/strong> Despu\u00e9s de ponerte a llorar, re\u00edr y sentir un sinf\u00edn de emociones empiezan a surgir todas tus dudas: \u00bfa qui\u00e9n se lo digo?, \u00bfcu\u00e1ndo?, \u00bfde cu\u00e1nto estar\u00e9?, \u00bfcu\u00e1ndo nacer\u00e1?, \u00bfser\u00e1 ni\u00f1o o ni\u00f1a?,\u2026 Tranquila, si\u00e9ntate y respira profundamente.<\/p>\n<p style=\"text-align: justify;\">Ahora que est\u00e1s m\u00e1s relajada, entre las cosas m\u00e1s importantes que tienes que hacer es fijar una visita con tu<strong> <a href=\"\/blog\/salud-ginecologica\/\">ginec\u00f3logo<\/a><\/strong>. En esta visita, el m\u00e9dico teniendo en cuenta el primer d\u00eda de tu \u00faltima menstruaci\u00f3n te dir\u00e1 de cuantas semanas est\u00e1s as\u00ed como la fecha aproximada de parto.<\/p>\n<p style=\"text-align: justify;\">Te dar\u00e1 indicaciones para que lleves un <strong>embarazo<\/strong> con calma y fijar\u00e1 tus pr\u00f3ximas visitas para llevar a cabo los controles necesarios, entre ellos\u00a0 tu peso y te dar\u00e1 consejos de alimentaci\u00f3n que debes seguir durante todo el embarazo. Por favor, no hagas caso de<em>\u00a0\u00ab\u00a1ahora tienes que comer por dos!\u00bb<\/em> Es un falso mito y a\u00f1adir\u00e1s unos cuantos kilos de m\u00e1s innecesarios y hasta perjudiciales para ti y tu bebe.<\/p>\n<p style=\"text-align: justify;\">Si est\u00e1s entre la semana 7-8 de <strong>embarazo,<\/strong> tu <strong>ginec\u00f3logo<\/strong> te har\u00e1 una <strong><a href=\"\/blog\/ya-estoy-embarazada\/#ecografia\">ecograf\u00eda vaginal<\/a><\/strong> para comprobar que todo est\u00e1 bien. \u00a1En esta <strong>ecograf\u00eda<\/strong> podr\u00e1s ver y escuchar su latido cardiaco! Emocionante \u00bfverdad?<\/p>\n<p style=\"text-align: justify;\">Asimismo, el <strong>ginec\u00f3logo<\/strong> te indicar\u00e1 la fecha en la que debes hacerte la anal\u00edtica del primer trimestre. Esta anal\u00edtica en sangre permite identificar tu grupo sangu\u00edneo y rh, as\u00ed como descartar que tengas anemia y que no haya presencia de anticuerpos de enfermedades de tipo infeccioso (hepatitis B, hepatitis C, s\u00edfilis y VIH) entre otras. Tambi\u00e9n se te realizar\u00e1 una anal\u00edtica en orina para estudiar si hay alguna infecci\u00f3n.<\/p>\n<p style=\"text-align: justify;\">A todas las <strong>embarazadas<\/strong> en el primer trimestre se les ofrece la posibilidad de estudiar el riesgo de alteraciones como el S\u00edndrome de Down y el de Edwards. En la anal\u00edtica del primer trimestre se hace un estudio bioqu\u00edmico determinando los niveles maternos de ciertas hormonas en sangre alrededor de la semana 10 de <strong>embarazo.<\/strong> El resultado junto con la <strong>ecograf\u00eda<\/strong> de la semana 12 permite calcular el riesgo de poder padecer estas alteraciones.<\/p>\n<p style=\"text-align: justify;\">Seguro que est\u00e1s deseando saber si es ni\u00f1o o ni\u00f1a, pero no es hasta la semana 15 de <strong>embarazo<\/strong> donde podr\u00e9is saberlo y empezar a comprar en rosa o azul.<\/p>\n<p style=\"text-align: justify;\">Si en tu <strong>test de embarazo<\/strong> aparecen dos rayitas, <strong><a href=\"\/blog\/\">Accuna<\/a><\/strong> pone a tu disposici\u00f3n el <strong><a href=\"\/blog\/ya-estoy-embarazada\/\">MAMICHEQ<\/a><\/strong>, un paquete para las reci\u00e9n embarazadas como t\u00fa y que incluye tu <strong>consulta de embarazo,<\/strong> donde podr\u00e1s aclarar todas tus dudas y una <strong>ecograf\u00eda<\/strong> para ver y escuchar su latido.<\/p>\n<p style=\"text-align: justify;\">Pide tu cita en el 965126690, <a href=\"mailto:hola@accuna.es\">hola@accuna.es<\/a> o bien a trav\u00e9s de la\u00a0<strong><a href=\"\/blog\/contacto\/\">secci\u00f3n contacto<\/a><\/strong> nuestra p\u00e1gina web.<\/p>\n<p style=\"text-align: justify;\"><em><strong><a href=\"\/blog\/sobre-accuna\/\">Sabina Mira<\/a><\/strong><\/em><\/p>\n<p style=\"text-align: justify;\">Para conocer los pr\u00f3ximos temas de nuestro\u00a0<a href=\"\/blog\/blog\/\"><strong>blog<\/strong><\/a>,\u00a0<a href=\"https:\/\/business.facebook.com\/Accuna.Ginecologia.Fertilidad.Alicante\">s\u00edguenos en<strong> facebook<\/strong><\/a>\u00a0o\u00a0<strong><a href=\"https:\/\/twitter.com\/AccunaClinica\">twitter<\/a>.<\/strong><\/p>\n","protected":false},"excerpt":{"rendered":"<p>\u00bfTe has hecho un test de embarazo y han aparecido dos rayas? S\u00ed, es lo que piensas, est\u00e1s embarazada. Despu\u00e9s de ponerte a llorar, re\u00edr y sentir un sinf\u00edn de [&hellip;]<\/p>\n","protected":false},"author":2,"featured_media":1503,"comment_status":"open","ping_status":"open","sticky":false,"template":"","format":"standard","meta":[],"categories":[28],"tags":[2,150,220,58,193,240,241],"_links":{"self":[{"href":"https:\/\/www.accuna.es\/blog\/wp-json\/wp\/v2\/posts\/1500"}],"collection":[{"href":"https:\/\/www.accuna.es\/blog\/wp-json\/wp\/v2\/posts"}],"about":[{"href":"https:\/\/www.accuna.es\/blog\/wp-json\/wp\/v2\/types\/post"}],"author":[{"embeddable":true,"href":"https:\/\/www.accuna.es\/blog\/wp-json\/wp\/v2\/users\/2"}],"replies":[{"embeddable":true,"href":"https:\/\/www.accuna.es\/blog\/wp-json\/wp\/v2\/comments?post=1500"}],"version-history":[{"count":0,"href":"https:\/\/www.accuna.es\/blog\/wp-json\/wp\/v2\/posts\/1500\/revisions"}],"wp:featuredmedia":[{"embeddable":true,"href":"https:\/\/www.accuna.es\/blog\/wp-json\/wp\/v2\/media\/1503"}],"wp:attachment":[{"href":"https:\/\/www.accuna.es\/blog\/wp-json\/wp\/v2\/media?parent=1500"}],"wp:term":[{"taxonomy":"category","embeddable":true,"href":"https:\/\/www.accuna.es\/blog\/wp-json\/wp\/v2\/categories?post=1500"},{"taxonomy":"post_tag","embeddable":true,"href":"https:\/\/www.accuna.es\/blog\/wp-json\/wp\/v2\/tags?post=1500"}],"curies":[{"name":"wp","href":"https:\/\/api.w.org\/{rel}","templated":true}]}}