
{"id":1899,"date":"2016-05-16T15:53:46","date_gmt":"2016-05-16T13:53:46","guid":{"rendered":"http:\/\/www.accuna.es\/?p=1899"},"modified":"2016-05-16T15:53:46","modified_gmt":"2016-05-16T13:53:46","slug":"circulo-de-economia-de-alicante-se-une-a-clinica-accuna","status":"publish","type":"post","link":"https:\/\/www.accuna.es\/blog\/circulo-de-economia-de-alicante-se-une-a-clinica-accuna\/","title":{"rendered":"C\u00edrculo de Econom\u00eda de Alicante se une a Cl\u00ednica Accuna"},"content":{"rendered":"<p>Hoy Cl\u00ednica Accuna y <a href=\"http:\/\/circuloeconomiaalicante.com\/\" target=\"_blank\"><strong>C\u00edrculo de Econom\u00eda de Alicante<\/strong><\/a> han firmado un acuerdo de colaboraci\u00f3n por el que los empleados de las m\u00e1s de 70 empresas y despachos profesionales que est\u00e1n asociados al colectivo provincial tendr\u00e1n acceso a ventajosas condiciones para disfrutar de sus servicios.<br \/>\nEl convenio, rubricado por Javier Fur, presidente del C\u00edrculo de Econom\u00eda, y el Dr. Juan Gim\u00e9nez Fern\u00e1ndez, director m\u00e9dico de Cl\u00ednica Accuna, proporciona interesantes descuentos y promociones en los servicios de obstetricia, ginecolog\u00eda o reproducci\u00f3n asistida tanto a las asociadas como a sus familiares directos. Adem\u00e1s, otorgar\u00e1 informaci\u00f3n y <strong>cita preferencial<\/strong> para las revisiones enmarcadas en las distintas campa\u00f1as que Accuna realiza c\u00edclicamente para la prevenci\u00f3n y detecci\u00f3n de dolencias. Entre ellas, la recientemente puesta en marcha para la concienciaci\u00f3n sobre los riesgos del <strong>virus del papiloma humano<\/strong> (VPH), causante de <a href=\"\/blog\/blog\/2015\/12\/30\/el-cancer-de-cervix-y-su-prevencion-la-importancia-de-una-revision-ginecologica\/\" target=\"_blank\">c\u00e1ncer de c\u00e9rvix<\/a>.<br \/>\n\u201c<em>Estamos muy satisfechos de incorporar a un socio de la importancia y entidad del C\u00edrculo de Econom\u00eda a nuestra lista de colaboradores. El inter\u00e9s mostrado por nuestra labor y su capacidad de penetraci\u00f3n en el tejido social alicanto lo convierte en un gran aliado en nuestra labor por poner al alcance del m\u00e1ximo n\u00famero de gente posible un servicio de calidad en materia de ginecolog\u00eda y reproducci\u00f3n asistida sin que la disponibilidad econ\u00f3mica sea un impedimento para ello<\/em>\u201d, ha se\u00f1alado Juan Gim\u00e9nez.<br \/>\nPor su parte, Javier Fur ha mostrado su satisfacci\u00f3n por \u201c<em>unir el nombre el C\u00edrculo de Econom\u00eda a una firma ligada a la salud, socialmente responsable, que vela por el bienestar de la poblaci\u00f3n<\/em>\u201d. Adem\u00e1s, Fur ha destacado \u201c<em>la importante labor que realiza Accuna y su compromiso y apuesta por la innovaci\u00f3n, cualidades presentes en la mayor parte de las empresas que colaboran con el C\u00edrculo de Econom\u00eda y pilar fundamental de la filosof\u00eda de nuestra asociaci\u00f3n<\/em>\u201d.<br \/>\n<a href=\"http:\/\/circuloeconomiaalicante.com\/\" target=\"_blank\">C\u00edrculo de Econom\u00eda<\/a> se une as\u00ed a la ya extensa lista de <strong>empresas y colectivos<\/strong> que han mostrado su especial concienciaci\u00f3n y sensibilidad hacia la salud ginecol\u00f3gica de sus trabajadoras y familiares directos, as\u00ed como su determinaci\u00f3n para ofrecer alternativas reproductivas de calidad en caso de dificultad para lograr un embarazo. Algo que Cl\u00ednica Accuna garantiza gracias a un prestigioso equipo de profesionales que, adem\u00e1s de contratada val\u00eda y experiencia, tiene como pilar la toma de decisiones basadas en criterios adecuados tanto desde el punto de vista \u00e9tico como m\u00e9dico. Este aspecto unido a unas instalaciones a la vanguardia de la tecnolog\u00eda y el confort, con habitaciones privadas, sala quir\u00fargica y laboratorio de fecundaci\u00f3n in vitro propios la convierten en estos momentos en centro de referencia en su entorno.<br \/>\nMediante este acuerdo, los asociados del <a href=\"http:\/\/circuloeconomiaalicante.com\/\" target=\"_blank\">C\u00edrculo de Econom\u00eda<\/a> podr\u00e1n acceder a las mismas ventajas que desde hace ya alg\u00fan tiempo proporcionan a sus empleados e integrantes empresas y colectivos como la Asociaci\u00f3n de la Prensa de Alicante, Hidraqua y sus empresas participadas Aguas Municipalizadas de Alicante, Aig\u00fces i Sanejament d\u2019Elx, Aguas del Arco Mediterr\u00e1neo y Labaqua, los Ayuntamientos de Alicante y San Vicente del Raspeig, la Universidad Miguel Hern\u00e1ndez, Carrefour, FASGA, Helados Alacant, el Club de Baloncesto Femenino San Blas de Alicante o la Asociaci\u00f3n TDAH Antonio Garc\u00eda.<br \/>\nEl acuerdo firmado por Cl\u00ednica Accuna y C\u00edrculo de Econom\u00eda de Alicante en los medios de comunicaci\u00f3n:<br \/>\n.- Las Provincias: <em><a href=\"http:\/\/www.lasprovincias.es\/alicante\/201605\/16\/circulo-economia-alicante-clinica-20160516203613.html\" target=\"_blank\">El C\u00edrculo de Econom\u00eda de Alicante se une a Cl\u00ednica Accuna<\/a><\/em><br \/>\n.- Alicante Actualidad: <em><a href=\"http:\/\/www.alicanteactualidad.com\/actualidad\/provincia-actualidad\/acuerdo-colaboracion-circulo-economia-alicante-la-clinica-accuna\/\" target=\"_blank\">Acuerdo de colaboraci\u00f3n entre el C\u00edrculo de Econom\u00eda de Alicante y la Cl\u00ednica Accuna<\/a><\/em><br \/>\n.- La Verdad: <em><a href=\"http:\/\/www.laverdad.es\/alicante\/economia\/201605\/16\/circulo-economia-alicante-clinica-20160516203613.html\" target=\"_blank\">El C\u00edrculo de Econom\u00eda de Alicante se une a Cl\u00ednica Accuna<\/a><\/em><br \/>\n.- Alicante Press: <em><a href=\"http:\/\/alicantepress.com\/not\/32465\/convenio-de-colaboracion-entre-el-circulo-de-economia-de-alicante-y-clinica-accuna-\/\" target=\"_blank\">Convenio de colaboraci\u00f3n entre el C\u00edrculo de Econom\u00eda de Alicante y Cl\u00ednica Accuna<\/a><\/em><br \/>\n.- ABC: <em><a href=\"http:\/\/www.abc.es\/espana\/comunidad-valenciana\/alicante\/abci-circulo-economia-amplia-cobertura-sanitaria-para-70-empresas-y-directivos-201605161808_noticia.html\" target=\"_blank\">El C\u00edrculo de Econom\u00eda amplia la cobertura sanitaria para 70 empresas y directivos<\/a><\/em><br \/>\n.- Costa Blanca Now: <em><a href=\"https:\/\/twitter.com\/CostaBlancaNow\/status\/732190667133353984\" target=\"_blank\">Cl\u00ednica Accuna y C\u00edrculo de Alicante firman un acuerdo<\/a><\/em><\/p>\n","protected":false},"excerpt":{"rendered":"<p>Hoy Cl\u00ednica Accuna y C\u00edrculo de Econom\u00eda de Alicante han firmado un acuerdo de colaboraci\u00f3n por el que los empleados de las m\u00e1s de 70 empresas y despachos profesionales que [&hellip;]<\/p>\n","protected":false},"author":2,"featured_media":1900,"comment_status":"open","ping_status":"open","sticky":false,"template":"","format":"standard","meta":[],"categories":[149],"tags":[2,18,294,287,290,295,296,291],"_links":{"self":[{"href":"https:\/\/www.accuna.es\/blog\/wp-json\/wp\/v2\/posts\/1899"}],"collection":[{"href":"https:\/\/www.accuna.es\/blog\/wp-json\/wp\/v2\/posts"}],"about":[{"href":"https:\/\/www.accuna.es\/blog\/wp-json\/wp\/v2\/types\/post"}],"author":[{"embeddable":true,"href":"https:\/\/www.accuna.es\/blog\/wp-json\/wp\/v2\/users\/2"}],"replies":[{"embeddable":true,"href":"https:\/\/www.accuna.es\/blog\/wp-json\/wp\/v2\/comments?post=1899"}],"version-history":[{"count":0,"href":"https:\/\/www.accuna.es\/blog\/wp-json\/wp\/v2\/posts\/1899\/revisions"}],"wp:featuredmedia":[{"embeddable":true,"href":"https:\/\/www.accuna.es\/blog\/wp-json\/wp\/v2\/media\/1900"}],"wp:attachment":[{"href":"https:\/\/www.accuna.es\/blog\/wp-json\/wp\/v2\/media?parent=1899"}],"wp:term":[{"taxonomy":"category","embeddable":true,"href":"https:\/\/www.accuna.es\/blog\/wp-json\/wp\/v2\/categories?post=1899"},{"taxonomy":"post_tag","embeddable":true,"href":"https:\/\/www.accuna.es\/blog\/wp-json\/wp\/v2\/tags?post=1899"}],"curies":[{"name":"wp","href":"https:\/\/api.w.org\/{rel}","templated":true}]}}