
{"id":2019,"date":"2016-06-01T13:03:26","date_gmt":"2016-06-01T11:03:26","guid":{"rendered":"http:\/\/www.accuna.es\/?p=2019"},"modified":"2016-06-01T13:03:26","modified_gmt":"2016-06-01T11:03:26","slug":"mayor-apoyo-para-que-la-infertilidad-sea-percibida-como-una-enfermedad","status":"publish","type":"post","link":"https:\/\/www.accuna.es\/blog\/mayor-apoyo-para-que-la-infertilidad-sea-percibida-como-una-enfermedad\/","title":{"rendered":"Mayor apoyo para que la infertilidad sea percibida como una enfermedad"},"content":{"rendered":"<p>El pr\u00f3ximo s\u00e1bado 4 de junio se celebra el <strong>D\u00eda Mundial de la Infertilidad<\/strong>, fecha promovida por organizaciones que dan apoyo a las personas que sufren esta enfermedad para informar y concienciar sobre sus efectos y consecuencias. Entre sus prop\u00f3sitos se encuentra <strong>reclamar la normalizaci\u00f3n de la infertilidad<\/strong> en la sociedad para que se abandonen los t\u00f3picos y los prejuicios hacia las personas que no pueden concebir de forma natural. Una tendencia que se refleja en el aumento de tratamientos de reproducci\u00f3n asistida en todo el territorio nacional y a la que no escapa la provincia de Alicante.<br \/>\n\u201c<em>Es importante que se reconozca por parte de Naciones Unidas y la Organizaci\u00f3n Mundial de la Salud el D\u00eda Mundial de la Infertilidad. Porque aunque se debe luchar los 365 d\u00edas del a\u00f1o por darle voz a esta enfermedad, tener un d\u00eda al a\u00f1o reconocido por estas organizaciones internacionales dar\u00eda mucha fuerza y un buen empuj\u00f3n de ayuda<\/em>\u201d, afirma Helena Fern\u00e1ndez, presidenta de la <strong>asociaci\u00f3n <\/strong><a href=\"http:\/\/redinfertiles.com\/\"><strong>Red Nacional de Inf\u00e9rtiles<\/strong><\/a>.<br \/>\nLas dificultades para concebir est\u00e1n presentes en la sociedad espa\u00f1ola y los n\u00fameros sobre reproducci\u00f3n asistida lo dejan claro. <strong>\u201c<\/strong><em>La cifra total contabilizada es de m\u00e1s de <strong>116.000 fecundaciones in vitro en nuestro pa\u00eds, la m\u00e1s alta de tratamientos publicada hasta ahora en Europa<\/strong>. El n\u00famero de nacimientos por tratamientos de reproducci\u00f3n asistida en el a\u00f1o 2014 supera los 25.000 beb\u00e9s<\/em>\u201d, apuntan desde la <a href=\"http:\/\/www.sefertilidad.net\/\">Sociedad Espa\u00f1ola de Fertilidad<\/a>, que hizo p\u00fablicas estas cifras en su \u00faltimo congreso nacional como adelanto del primer registro que incluye datos de cl\u00ednicas privadas y p\u00fablicas, y que ver\u00e1 la luz a finales de a\u00f1o. La provincia de <strong>Alicante<\/strong> no es una excepci\u00f3n: en toda la Costa Blanca se iniciaron el a\u00f1o pasado 8.000 ciclos de reproducci\u00f3n asistida, casi 2.000 m\u00e1s que en 2014, es decir, un incremento de un tercio, aproximadamente<br \/>\n<strong>Enfermedad del sistema reproductivo<\/strong><br \/>\nDesde 2009, la Organizaci\u00f3n Mundial de la Salud considera la infertilidad como enfermedad del sistema reproductivo. La define como la \u201c<strong><em>no consecuci\u00f3n de embarazo cl\u00ednico tras 12 meses o m\u00e1s de relaciones sexuales sin anticoncepci\u00f3n<\/em><\/strong>\u201d. Incluir este concepto como tal en la bibliograf\u00eda cient\u00edfica supuso un paso clave para todos los colectivos que luchan por la normalizaci\u00f3n de la infertilidad.<br \/>\n\u201c<em>\u00bfC\u00f3mo conseguiremos que la sociedad acepte la infertilidad como enfermedad? Pues es un trabajo largo y de peque\u00f1as batallas ganadas. Es necesario darle voz. Que sepan lo que se vive, lo que se siente, lo que se sufre. Necesitamos educar. Las personas con infertilidad debemos romper ese miedo a hablar y a contar nuestra situaci\u00f3n. No se sabe la carga emocional que soporta la mujer o el hombre que lucha por tener un beb\u00e9 sin conseguirlo<\/em>\u201d, afirma Helena Fern\u00e1ndez. \u201c<em>Se sigue pensando que todo es problema de nerviosismo y obsesiones<strong>. La gente te sigue diciendo que te relajes o no te podr\u00e1s quedar embarazada, o que te vayas de vacaciones<\/strong><\/em>\u201d, explica.<br \/>\n<strong>Transformaciones sociales <\/strong><br \/>\n\u201c<em>La fertilidad de la mujer desciende conforme avanza en edad y, hoy en d\u00eda, lo habitual es que la maternidad se planifique atendiendo a razones sentimentales, sociales o econ\u00f3micas. Cuando en pareja o en solitario se decide concebir puede que surjan las dificultades pero no se ha de juzgar a las mujeres o a los hombres por su infertilidad<\/em>\u201d, considera <strong>Juan Gim\u00e9nez,<\/strong> doctor especialista en ginecolog\u00eda en la <a href=\"\/blog\/\"><strong>cl\u00ednica Accuna<\/strong><\/a>.<br \/>\n\u201c<em>El margen de edad en el que la mujer es m\u00e1s f\u00e9rtil es entre los 20 y los 30 a\u00f1os. La sociedad ha cambiado y no se puede exigir a las mujeres que se planteen tener hijos antes de cuando desean, hay que aceptar c\u00f3mo se modifican las vivencias sociales<\/em>\u201d, a\u00f1ade el doctor Gim\u00e9nez.<br \/>\nMientras, la ciencia avanza m\u00e1s r\u00e1pido que la aceptaci\u00f3n social y desarrolla nuevos m\u00e9todos y tecnolog\u00edas para conseguir que los tratamientos de reproducci\u00f3n asistida sean cada vez m\u00e1s eficaces.<br \/>\nPara conocer los pr\u00f3ximos temas de nuestro\u00a0<a href=\"\/blog\/blog\/\"><strong>blog<\/strong><\/a>,\u00a0<a href=\"https:\/\/business.facebook.com\/Accuna.Ginecologia.Fertilidad.Alicante\">s\u00edguenos en<strong> facebook<\/strong><\/a>\u00a0o\u00a0<strong><a href=\"https:\/\/twitter.com\/AccunaClinica\">twitter<\/a>.<\/strong><\/p>\n","protected":false},"excerpt":{"rendered":"<p>El pr\u00f3ximo s\u00e1bado 4 de junio se celebra el D\u00eda Mundial de la Infertilidad, fecha promovida por organizaciones que dan apoyo a las personas que sufren esta enfermedad para informar [&hellip;]<\/p>\n","protected":false},"author":2,"featured_media":2020,"comment_status":"open","ping_status":"open","sticky":false,"template":"","format":"standard","meta":[],"categories":[24],"tags":[2,18,287,319,48],"_links":{"self":[{"href":"https:\/\/www.accuna.es\/blog\/wp-json\/wp\/v2\/posts\/2019"}],"collection":[{"href":"https:\/\/www.accuna.es\/blog\/wp-json\/wp\/v2\/posts"}],"about":[{"href":"https:\/\/www.accuna.es\/blog\/wp-json\/wp\/v2\/types\/post"}],"author":[{"embeddable":true,"href":"https:\/\/www.accuna.es\/blog\/wp-json\/wp\/v2\/users\/2"}],"replies":[{"embeddable":true,"href":"https:\/\/www.accuna.es\/blog\/wp-json\/wp\/v2\/comments?post=2019"}],"version-history":[{"count":0,"href":"https:\/\/www.accuna.es\/blog\/wp-json\/wp\/v2\/posts\/2019\/revisions"}],"wp:featuredmedia":[{"embeddable":true,"href":"https:\/\/www.accuna.es\/blog\/wp-json\/wp\/v2\/media\/2020"}],"wp:attachment":[{"href":"https:\/\/www.accuna.es\/blog\/wp-json\/wp\/v2\/media?parent=2019"}],"wp:term":[{"taxonomy":"category","embeddable":true,"href":"https:\/\/www.accuna.es\/blog\/wp-json\/wp\/v2\/categories?post=2019"},{"taxonomy":"post_tag","embeddable":true,"href":"https:\/\/www.accuna.es\/blog\/wp-json\/wp\/v2\/tags?post=2019"}],"curies":[{"name":"wp","href":"https:\/\/api.w.org\/{rel}","templated":true}]}}