
{"id":2048,"date":"2016-06-13T18:50:49","date_gmt":"2016-06-13T16:50:49","guid":{"rendered":"http:\/\/www.accuna.es\/?p=2048"},"modified":"2016-06-13T18:50:49","modified_gmt":"2016-06-13T16:50:49","slug":"trabajo-maternidad-verano-alicante","status":"publish","type":"post","link":"https:\/\/www.accuna.es\/blog\/trabajo-maternidad-verano-alicante\/","title":{"rendered":"Trabajo y maternidad estival en Alicante"},"content":{"rendered":"<p>Por primera vez en la historia la media de edad a la que las mujeres son madres en <strong>Alicante<\/strong> ha superado <strong>la l\u00ednea de los treinta a\u00f1os<\/strong>, seg\u00fan datos del Instituto Nacional de Estad\u00edstica (INE) de 2014. Esta es una de las razones que motiva el aumento de la demanda de tratamientos de reproducci\u00f3n asistida, que ha sido de un 30% en un a\u00f1o.<br \/>\nAsimismo, solo en Alicante se iniciaron en 2015 unos <strong>8.000 ciclos de reproducci\u00f3n asistida<\/strong>, casi 2.000 m\u00e1s que en 2014, seg\u00fan estimaciones realizadas a partir de los \u00faltimos datos oficiales de la Sociedad Espa\u00f1ola de Fertilidad.<br \/>\nLos cambios en la sociedad y la crisis econ\u00f3mica han sido claves para posponer la maternidad, algo que no ocurre solo en Alicante. Disponer de un trabajo se ha convertido en una necesidad antes de plantearse ser madre.<br \/>\nAdem\u00e1s de pensar en los ingresos econ\u00f3micos para afrontar el gasto de aumentar la familia, tambi\u00e9n se reflexiona sobre la conciliaci\u00f3n. El hecho de que la crisis haya provocado una mayor precariedad e inestabilidad laboral afecta a posponer la maternidad para cuando las circunstancias personales sean mejores.<br \/>\n<strong>Perspectivas laborales para el verano en Alicante<\/strong><br \/>\nSe acerca el verano y Alicante es uno de los puntos \u00e1lgidos en turismo, por lo que las <strong>expectativas de empleo<\/strong> en esta provincia y en la Comunitat Valenciana han aumentado. Algunas entidades apuntan a la firma de 53.200 contratos entre junio y septiembre, un 11% m\u00e1s que el a\u00f1o pasado.<br \/>\nOtras organizaciones son m\u00e1s positivas y apuntan a que esta autonom\u00eda liderar\u00e1 la <strong>contrataci\u00f3n estival<\/strong>, especialmente en el sector servicios, debido al turismo y a la hosteler\u00eda, pero tambi\u00e9n en el sector de distribuci\u00f3n y venta al por menor. Incluso se atreven a prever casi 20.000 contratos en Alicante.<br \/>\nPese a la temporalidad de la contrataci\u00f3n, estas perspectivas positivas influyen en retomar proyectos personales aparcados por motivos econ\u00f3micos, como es la maternidad. En caso de necesitar un tratamiento de reproducci\u00f3n asistida, el equipo Accuna siempre recuerda las facilidades econ\u00f3micas que aporta.<br \/>\nAsimismo, si contratas tu tratamiento antes del 30 de junio puedes disfrutar tu primer obsequio: el seguimiento del embarazo gratuitamente.<br \/>\nNo lo dudes y <a href=\"\/blog\/quiero-ser-mama\/\" target=\"_blank\"><strong>pide cita<\/strong><\/a> para que podamos aclarar todas tus dudas. Nuestro equipo m\u00e9dico est\u00e1 a tu disposici\u00f3n.<br \/>\nPara conocer los pr\u00f3ximos temas de nuestro\u00a0<a href=\"\/blog\/blog\/\"><strong>blog<\/strong><\/a>,\u00a0<a href=\"https:\/\/business.facebook.com\/Accuna.Ginecologia.Fertilidad.Alicante\">s\u00edguenos en<strong> facebook<\/strong><\/a>\u00a0o\u00a0<strong><a href=\"https:\/\/twitter.com\/AccunaClinica\">twitter<\/a>.<\/strong><\/p>\n","protected":false},"excerpt":{"rendered":"<p>Por primera vez en la historia la media de edad a la que las mujeres son madres en Alicante ha superado la l\u00ednea de los treinta a\u00f1os, seg\u00fan datos del [&hellip;]<\/p>\n","protected":false},"author":2,"featured_media":2049,"comment_status":"open","ping_status":"open","sticky":false,"template":"","format":"standard","meta":[],"categories":[17],"tags":[18,163,279,325,305],"_links":{"self":[{"href":"https:\/\/www.accuna.es\/blog\/wp-json\/wp\/v2\/posts\/2048"}],"collection":[{"href":"https:\/\/www.accuna.es\/blog\/wp-json\/wp\/v2\/posts"}],"about":[{"href":"https:\/\/www.accuna.es\/blog\/wp-json\/wp\/v2\/types\/post"}],"author":[{"embeddable":true,"href":"https:\/\/www.accuna.es\/blog\/wp-json\/wp\/v2\/users\/2"}],"replies":[{"embeddable":true,"href":"https:\/\/www.accuna.es\/blog\/wp-json\/wp\/v2\/comments?post=2048"}],"version-history":[{"count":0,"href":"https:\/\/www.accuna.es\/blog\/wp-json\/wp\/v2\/posts\/2048\/revisions"}],"wp:featuredmedia":[{"embeddable":true,"href":"https:\/\/www.accuna.es\/blog\/wp-json\/wp\/v2\/media\/2049"}],"wp:attachment":[{"href":"https:\/\/www.accuna.es\/blog\/wp-json\/wp\/v2\/media?parent=2048"}],"wp:term":[{"taxonomy":"category","embeddable":true,"href":"https:\/\/www.accuna.es\/blog\/wp-json\/wp\/v2\/categories?post=2048"},{"taxonomy":"post_tag","embeddable":true,"href":"https:\/\/www.accuna.es\/blog\/wp-json\/wp\/v2\/tags?post=2048"}],"curies":[{"name":"wp","href":"https:\/\/api.w.org\/{rel}","templated":true}]}}