
{"id":2117,"date":"2016-06-29T17:53:11","date_gmt":"2016-06-29T15:53:11","guid":{"rendered":"http:\/\/www.accuna.es\/?p=2117"},"modified":"2016-06-29T17:53:11","modified_gmt":"2016-06-29T15:53:11","slug":"la-natalidad-desciende-en-alicante","status":"publish","type":"post","link":"https:\/\/www.accuna.es\/blog\/la-natalidad-desciende-en-alicante\/","title":{"rendered":"La natalidad desciende en Alicante"},"content":{"rendered":"<p>La tendencia se confirma de nuevo. Con los datos, provisionales, que el Instituto Nacional de Estad\u00edstica (INE) ha aportado sobre los nacimientos en 2015 <strong>el descenso de la natalidad en Alicante contin\u00faa<\/strong>. De hecho, por primera vez desde 1941 los nacimientos en esta provincia son inferiores a los fallecimientos. Las cifras sorprenden si exponemos que la tasa bruta de natalidad en Alicante se encuentra en 8,59 nacidos por cada mil habitantes mientras era de 20,56 nacidos hace cuarenta a\u00f1os.<br \/>\n<figure id=\"attachment_2119\" class=\"thumbnail wp-caption aligncenter\" style=\"width: 600px\"><img loading=\"lazy\" class=\"wp-image-2119 size-full\" src=\"\/blog\/wp-content\/uploads\/2016\/06\/image.png\" alt=\"Cifras de la natalidad en Alicante\" width=\"600\" height=\"371\" \/><figcaption class=\"caption wp-caption-text\">Fuente: Instituto Nacional de Estad\u00edstica (INE)<\/figcaption><\/figure><br \/>\n&nbsp;<br \/>\nEl INE justifica la <strong>ca\u00edda de la natalidad<\/strong> bas\u00e1ndose en el hecho de que el n\u00famero de mujeres entre 15 y 49 a\u00f1os (edad para ser madres) desciende a\u00f1o tras a\u00f1o por tres <strong>motivos<\/strong>:<br \/>\n<strong>1.-<\/strong> Las generaciones correspondientes a las mujeres que desde hace unos a\u00f1os tienen ese margen de edad fueron menores en natalidad comparado con generaciones previas.<br \/>\n<strong>2.-<\/strong> La inmigraci\u00f3n tambi\u00e9n ha descendido por lo que la natalidad generada por mujeres extranjeras residentes en Espa\u00f1a tambi\u00e9n se ha reducido.<br \/>\n<strong>3.-<\/strong> Por las circunstancias econ\u00f3micas y laborales muchas mujeres en edad f\u00e9rtil han decidido buscar oportunidades fuera del pa\u00eds, lo que afecta tambi\u00e9n a la natalidad.<br \/>\n&nbsp;<br \/>\nEn cambio, la natalidad surgida gracias a la reproducci\u00f3n asistida no deja de crecer y Espa\u00f1a es l\u00edder en estos tratamientos: 25.000 beb\u00e9s nacen en Espa\u00f1a cada a\u00f1o gracias a la reproducci\u00f3n asistida. Hay que tener en cuenta que, seg\u00fan la Sociedad Espa\u00f1ola de Fertilidad (SEF), casi un 15% de las parejas en edad reproductiva tienen problemas para lograr el embarazo.<br \/>\nPor ello, cada vez m\u00e1s la infertilidad deja de ser tratada como un tab\u00fa y se asume como enfermedad que puede ser superada con la ayuda de un equipo m\u00e9dico profesional. En Alicante la cl\u00ednica Accuna dispone de grandes profesionales que ayudan a cumplir el sue\u00f1o de ser madre.<br \/>\nSi quieres ser madre y no lo has conseguido, cons\u00faltanos tu caso, <a href=\"\/blog\/pide-cita\/\" target=\"_blank\">pide tu cita<\/a> y resolveremos todas tus dudas.<br \/>\nPara conocer los pr\u00f3ximos temas de nuestro\u00a0blog,\u00a0<a href=\"https:\/\/business.facebook.com\/Accuna.Ginecologia.Fertilidad.Alicante\" rel=\"nofollow\">s\u00edguenos en<strong> facebook<\/strong><\/a>\u00a0o\u00a0<strong><a href=\"https:\/\/twitter.com\/AccunaClinica\" rel=\"nofollow\">twitter<\/a>.<\/strong><\/p>\n","protected":false},"excerpt":{"rendered":"<p>La tendencia se confirma de nuevo. Con los datos, provisionales, que el Instituto Nacional de Estad\u00edstica (INE) ha aportado sobre los nacimientos en 2015 el descenso de la natalidad en [&hellip;]<\/p>\n","protected":false},"author":2,"featured_media":2118,"comment_status":"open","ping_status":"open","sticky":false,"template":"","format":"standard","meta":[],"categories":[149],"tags":[2,18,287,344,345],"_links":{"self":[{"href":"https:\/\/www.accuna.es\/blog\/wp-json\/wp\/v2\/posts\/2117"}],"collection":[{"href":"https:\/\/www.accuna.es\/blog\/wp-json\/wp\/v2\/posts"}],"about":[{"href":"https:\/\/www.accuna.es\/blog\/wp-json\/wp\/v2\/types\/post"}],"author":[{"embeddable":true,"href":"https:\/\/www.accuna.es\/blog\/wp-json\/wp\/v2\/users\/2"}],"replies":[{"embeddable":true,"href":"https:\/\/www.accuna.es\/blog\/wp-json\/wp\/v2\/comments?post=2117"}],"version-history":[{"count":0,"href":"https:\/\/www.accuna.es\/blog\/wp-json\/wp\/v2\/posts\/2117\/revisions"}],"wp:featuredmedia":[{"embeddable":true,"href":"https:\/\/www.accuna.es\/blog\/wp-json\/wp\/v2\/media\/2118"}],"wp:attachment":[{"href":"https:\/\/www.accuna.es\/blog\/wp-json\/wp\/v2\/media?parent=2117"}],"wp:term":[{"taxonomy":"category","embeddable":true,"href":"https:\/\/www.accuna.es\/blog\/wp-json\/wp\/v2\/categories?post=2117"},{"taxonomy":"post_tag","embeddable":true,"href":"https:\/\/www.accuna.es\/blog\/wp-json\/wp\/v2\/tags?post=2117"}],"curies":[{"name":"wp","href":"https:\/\/api.w.org\/{rel}","templated":true}]}}