
{"id":2690,"date":"2016-12-07T13:39:27","date_gmt":"2016-12-07T11:39:27","guid":{"rendered":"http:\/\/www.accuna.es\/?p=2690"},"modified":"2016-12-07T13:39:27","modified_gmt":"2016-12-07T11:39:27","slug":"ma-jose-berenguer-de-la-maternidad-me-gusta-todo-porque-disfruto-cada-segundo","status":"publish","type":"post","link":"https:\/\/www.accuna.es\/blog\/ma-jose-berenguer-de-la-maternidad-me-gusta-todo-porque-disfruto-cada-segundo\/","title":{"rendered":"M\u00aa Jos\u00e9 Berenguer: &quot;De la maternidad me gusta todo porque disfruto de cada segundo&quot;"},"content":{"rendered":"<p style=\"text-align: justify;\">La autora del blog <a href=\"http:\/\/www.mariajoseberenguer.com\/\" target=\"_blank\">&#8216;Con \u00f1 de cari\u00f1o&#8217;<\/a>\u00a0 alterna sus relatos con su trabajo como profesora interina de secundaria y sus colaboraciones en blogs como <a href=\"http:\/\/www.madresfera.com\/home.html\" target=\"_blank\">Madresfera<\/a> o <a href=\"http:\/\/clubdemalasmadres.com\/\" target=\"_blank\">Malas Madres.<\/a>\u00a0 Nos cuenta que sus inicios en el mundo de la <strong>blogosfera<\/strong> comenzaron cuando ya ten\u00eda a su hija mayor y estaba embarazada del peque\u00f1o. Madrugaba mucho, as\u00ed que cuando llegaba a casa, cansada de trabajar, le gustaba sentarse en el sof\u00e1, conectarse a las redes sociales, leer blogs de mamis que daban consejos, pediatras que hac\u00edan recomendaciones, as\u00ed como padres que contaban c\u00f3mo hab\u00edan vivido el momento del nacimiento del peque\u00f1o.\u00a0 Con todos ellos se sent\u00eda identificada y aportaba su visi\u00f3n a trav\u00e9s de foros, hasta que un d\u00eda se sent\u00f3 delante del ordenador y dise\u00f1\u00f3 su propio <strong>blog<\/strong>. En una semana empez\u00f3 a escribir y hasta fecha de hoy contin\u00faa contando sus aventuras como mam\u00e1. En <strong>Accuna<\/strong> hemos hablado con ella para conocer su opini\u00f3n sobre varios temas que preocupan en el circulo maternal.<\/p>\n<p style=\"text-align: justify;\"><strong><a href=\"\/blog\/wp-content\/uploads\/2016\/12\/IMG_20150523_205817-e1481283409872.jpg\"><img loading=\"lazy\" class=\"   alignright wp-image-2693 \" src=\"\/blog\/wp-content\/uploads\/2016\/12\/IMG_20150523_205817-e1481283409872.jpg\" alt=\"\" width=\"434\" height=\"424\" \/><\/a>-\u00bfQu\u00e9 es lo que m\u00e1s te gusta de ser madre?<\/strong><\/p>\n<p style=\"text-align: justify;\">Dif\u00edcil pregunta, \u00a0porque no s\u00f3lo me gusta una cosa. En realidad, me gusta todo, disfrutas cada segundo, te r\u00edes de sus ocurrencias, de sus travesuras, porque aunque seas su modelo, a veces hacen cosas, que como madre y padre debes rega\u00f1arlos, \u00a0pero tu \u201cyo\u201d peque\u00f1o te lo impide, porque hacen que te r\u00edas \u00a0como nunca.\u00a0 Tampoco lo voy a poner todo maravilloso, algunas veces se echa de menos el silencio, la casa ordenada, dormir a pierna suelta, pero sus besos, abrazos, el amor que te dan, sus frases, su olor \u2013 es embriagador \u2013 valen m\u00e1s que todo eso.<\/p>\n<p style=\"text-align: justify;\"><strong>-Cuando eras ni\u00f1a, \u00bferas de las que so\u00f1aba con ser mam\u00e1 o un d\u00eda se despert\u00f3 tu reloj biol\u00f3gico<\/strong>?<\/p>\n<p style=\"text-align: justify;\">En mi caso fue, supongo, un despertar biol\u00f3gico porque ambos ya llevabamos mucho tiempo juntos y ya hab\u00edamos madurado idea porque los dos dese\u00e1bamos tener hijos.<\/p>\n<p style=\"text-align: justify;\"><strong>-\u00bfC\u00f3mo es tu d\u00eda a d\u00eda?<\/strong><\/p>\n<p style=\"text-align: justify;\">Un d\u00eda de lunes a viernes comienza a las 5,45. Me visto, desayuno y me subo al coche. Me espera un viaje de una hora y veinte minutos hacia el Instituto. Estoy en el centro hasta las 14:00 o las 15:00, seg\u00fan el d\u00eda. Llego a casa y como r\u00e1pido para ir a recoger a los peques al cole, vamos al parque, meriendan mientras juegan y nos vamos a m\u00fasica o a la biblioteca. Llegamos a casa sobre las 19:00, mientras se duchan los peques, preparo la cena y la comida del d\u00eda siguiente, y mi marido prepara la ropa y las mochilas. Cenamos en familia y nos contamos c\u00f3mo ha ido nuestro d\u00eda. Es el momento de hablar con ellos, de que nos cuenten qu\u00e9 han hecho en el cole y c\u00f3mo se han sentido. Nos re\u00edmos mucho con sus ocurrencias. Tras la cena, escogemos un libro, lo leemos antes de dormir y una vez ellos est\u00e1n dormido, mi marido y yo aprobechamos para hablar un poco o simplemente para leer o ver alguna de las series que nos gustan, porque somos \u201cserieadictos\u201d.<\/p>\n<p style=\"text-align: justify;\"><strong>-Como sabes la maternidad cada vez se pospone m\u00e1s porque es dif\u00edcil compaginar la vida laboral con la familiar, \u00bfqu\u00e9 opinas sobre la conciliaci\u00f3n en nuestro pa\u00eds?<\/strong><\/p>\n<p style=\"text-align: justify;\">Considero que la conciliaci\u00f3n no existe en nuestro pa\u00eds. De hecho si se puede compaginar no es gracias a las ayudas inexistentes sino a que las familias hacen muchos esfuerzos y mil malabares, porque colaboran todos los padres, madres y abuelos, de hecho sino fuese por \u00e9stos no existir\u00eda esa conciliaci\u00f3n. Ahora, se est\u00e1 moviendo por las redes sociales una lucha por una conciliaci\u00f3n real que, todo padre o madre, necesita para poder continuar con su vida familiar y laboral, sin tener que renunciar a ninguna de las dos. Espero que pronto dejemos de luchar por ello y que celebremos que, al fin, lo tenemos.<\/p>\n<p style=\"text-align: justify;\"><strong>-\u00bfY sobre que las mujeres vitrifiquen sus \u00f3vulos para posternarla?\u00a0<\/strong><\/p>\n<p style=\"text-align: justify;\">Para ser madre has de tenerlo muy claro, porque tu vida va a dar un giro de 180\u00ba y has de estar preparada psicol\u00f3gicamente, por lo que veo muy bien que utilicen los avances cient\u00edficos para ello, porque nunca sabes cu\u00e1ndo vas a necesitarlo. Yo en mi d\u00eda tambi\u00e9n lo hubiese hecho de haber sabido que se pod\u00eda hacer. Cuando ten\u00eda 20-25 a\u00f1os hubiese vitrificado mis \u00f3vulos para preservarlos, para cuando hubiese querido ser madre, pero a esa edad no sab\u00eda que esa t\u00e9cnica exist\u00eda ni tampoco era lo suficientemente madura para pensar en ser madre en un futuro. Pero lo veo genial, y un gran avance.<\/p>\n<p style=\"text-align: justify;\"><strong>-\u00bfQu\u00e9 consejo le dar\u00edas a una mam\u00e1 primeriza, desde tu experiencia?\u00a0<\/strong><\/p>\n<p style=\"text-align: justify;\">Mi consejo es que se deje llevar por su instinto, pues todas hemos sido primerizas y no hay nadie como ella para conocer a su hijo. Aunque creas que no lo est\u00e1s haci\u00e9ndolo bien, no es as\u00ed, lo est\u00e1s haciendo genial. Y s\u00ed, algunas veces pensar\u00e1s que no eres buena madre, pero no te exijas tanto, eres la mejor.<\/p>\n","protected":false},"excerpt":{"rendered":"<p>La autora del blog &#8216;Con \u00f1 de cari\u00f1o&#8217;\u00a0 alterna sus relatos con su trabajo como profesora interina de secundaria y sus colaboraciones en blogs como Madresfera o Malas Madres.\u00a0 Nos [&hellip;]<\/p>\n","protected":false},"author":2,"featured_media":2694,"comment_status":"open","ping_status":"open","sticky":false,"template":"","format":"standard","meta":[],"categories":[149],"tags":[384,426,167,427,428,163,326],"_links":{"self":[{"href":"https:\/\/www.accuna.es\/blog\/wp-json\/wp\/v2\/posts\/2690"}],"collection":[{"href":"https:\/\/www.accuna.es\/blog\/wp-json\/wp\/v2\/posts"}],"about":[{"href":"https:\/\/www.accuna.es\/blog\/wp-json\/wp\/v2\/types\/post"}],"author":[{"embeddable":true,"href":"https:\/\/www.accuna.es\/blog\/wp-json\/wp\/v2\/users\/2"}],"replies":[{"embeddable":true,"href":"https:\/\/www.accuna.es\/blog\/wp-json\/wp\/v2\/comments?post=2690"}],"version-history":[{"count":0,"href":"https:\/\/www.accuna.es\/blog\/wp-json\/wp\/v2\/posts\/2690\/revisions"}],"wp:featuredmedia":[{"embeddable":true,"href":"https:\/\/www.accuna.es\/blog\/wp-json\/wp\/v2\/media\/2694"}],"wp:attachment":[{"href":"https:\/\/www.accuna.es\/blog\/wp-json\/wp\/v2\/media?parent=2690"}],"wp:term":[{"taxonomy":"category","embeddable":true,"href":"https:\/\/www.accuna.es\/blog\/wp-json\/wp\/v2\/categories?post=2690"},{"taxonomy":"post_tag","embeddable":true,"href":"https:\/\/www.accuna.es\/blog\/wp-json\/wp\/v2\/tags?post=2690"}],"curies":[{"name":"wp","href":"https:\/\/api.w.org\/{rel}","templated":true}]}}