
{"id":2750,"date":"2017-01-23T12:23:14","date_gmt":"2017-01-23T10:23:14","guid":{"rendered":"http:\/\/www.accuna.es\/?p=2750"},"modified":"2017-01-23T12:23:14","modified_gmt":"2017-01-23T10:23:14","slug":"mama-ingeniera-accuna","status":"publish","type":"post","link":"https:\/\/www.accuna.es\/blog\/mama-ingeniera-accuna\/","title":{"rendered":"Mam\u00e1 Ingeniera:&quot;No hay que temer a la ciencia porque ser mam\u00e1 es nuestro mayor deseo&quot;"},"content":{"rendered":"<p style=\"text-align: justify;\">Laura encarna una de las figuras m\u00e1s populares de la blogosfera de la maternidad, <strong>Mam\u00e1 Ingeniera<\/strong>. Este es su quinto blog, as\u00ed que conoce muy bien el sector de la bit\u00e1cora. <a href=\"http:\/\/diariodeunamadreingeniera.com\/\" target=\"_blank\"><strong>Diario de una madre ingeniera<\/strong> <\/a>narra las aventuras de una mujer que quer\u00eda ser madre a toda costa. De hecho, nace con fines terap\u00e9uticos porque Laura buscaba un embarazo, al igual que otras muchas mujeres, que nunca llegaba y se sent\u00eda incomprendida. <em>\u00abTras mucho meditarlo, me anim\u00e9\u00a0a abrir este espacio para compartir mi experiencia, porque despu\u00e9s de intentar quedarme embarazada durante m\u00e1s de un a\u00f1o, fui diagnosticada de fallo ov\u00e1rico prematuro y baja reserva ov\u00e1rica\u00bb, relata a cl\u00ednica Accuna. <\/em><\/p>\n<p style=\"text-align: justify;\"><strong>-Mam\u00e1 a tiempo completo y bloguera, \u00bfc\u00f3mo compaginas ambas cosas? <\/strong><\/p>\n<p>No s\u00f3lo eso, tambi\u00e9n trabajo fuera de casa seis horas al d\u00eda que, aunque agotan, son m\u00e1s bien un descanso (se r\u00ede). Pero lo cierto es que es dif\u00edcil organizarze para ambas cosas, la verdad. Intento programar los posts de noche, como un ave noctura. Los escribo en un e-mail mientras doy el pecho, por ejemplo, para despu\u00e9s maquetarlo r\u00e1pidamente en WordPress. Voy bastante apurada con el 2.0.<br \/>\n<strong>\u00a0<\/strong><br \/>\n<strong>-En tu blog dices que eres mam\u00e1 por un FIV, \u00bfqu\u00e9 te llev\u00f3 a decantarte por este tratamiento y no otro?<\/strong><br \/>\nNo tuve elecci\u00f3n, dado mi diagn\u00f3stico. Cuando me dijeron que ten\u00eda fallo ov\u00e1rico prematuro y baja reserva ov\u00e1rica vi reducidas mis posibilidades y el FIV se present\u00f3 como una peque\u00f1a esperanza. Cualquier otro tratamiento hubiese sido una p\u00e9rdida de tiempo, seguramente.<br \/>\n<strong>-\u00bfC\u00f3mo fue tu experiencia? \u00bfRecuerdas el momento en que te dijeron que estabas embarazada?<\/strong><br \/>\nFue francamente dif\u00edcil porque me qued\u00e9 embarazada en la tercera transferencia embrionaria del \u00faltimo embri\u00f3n que nos quedaba y que, adem\u00e1s, era de una calidad D, por lo que daban por hecho que estaba todo perdido. Sin embargo la sorpresa fue may\u00fascula cuando vi mi beta de 204, pero tuve mucho miedo por si se repet\u00eda el embarazo bioqu\u00edmico de mi primera transferencia. Tras mi experiencia aprend\u00ed que no hay que descalificar a ning\u00fan embri\u00f3n, porque nunca se sabe lo que puede pasar.<br \/>\n<strong>\u00a0<\/strong><br \/>\n<strong>-\u00bfCu\u00e1les eran los antojos m\u00e1s absurdos que ten\u00edas?<\/strong><br \/>\nTrato de recordar y solamente me viene a la mente uno,\u00a0 el Sprite. Aunque no pude tomarlo durante mucho tiempo porque a las 27 semanas de embarazo me diagnosticaron diabetes gestacional.<br \/>\n<strong>\u00a0<\/strong><br \/>\n<strong>-\u00bfY qu\u00e9 era con lo que m\u00e1s so\u00f1abas?<\/strong><br \/>\nSo\u00f1aba con que daba la teta, \u00a1ja,ja!<br \/>\n<strong>-\u00bfLo que m\u00e1s te atemorizaba?<\/strong><br \/>\nPerder a mi beb\u00e9 o que no estuviese sano. Era mi mayor temor, sin duda, y m\u00e1s despu\u00e9s del duro proceso que tuve que vivir hasta poder tenerlo.<br \/>\n<strong>-\u00bfRecomendar\u00edas a una mujer que quiere ser mam\u00e1 que se realice un FIV, entonces? \u00bfPor qu\u00e9?<\/strong><br \/>\nSi despu\u00e9s de hacerse las pruebas necesarias es lo m\u00e1s indicado, s\u00ed, claro que s\u00ed. No hay que tenerle miedo a la ciencia. Est\u00e1 para ayudarnos y ser mam\u00e1 es uno de los deseos m\u00e1s fuertes que podemos tener.<br \/>\n<strong>-Hay mucho debate en torno a la lactancia materna, \u00bfqu\u00e9 opinas sobre este tema?<\/strong><br \/>\nPrecisamente hace poco sub\u00ed varios v\u00eddeos a <a href=\"https:\/\/www.youtube.com\/claraingeniera\" target=\"_blank\">mi canal de YouTube<\/a> hablando de ello. La <strong>lactancia materna<\/strong> mola, pero no soy una radical y respeto cualquier decisi\u00f3n que tome cualquier mam\u00e1. En mi caso, fue genial y ahora, despu\u00e9s de 12 meses, empiezo a tener ganas de dejarlo. Pero poco a poco iremos viendo c\u00f3mo hacerlo.<br \/>\n<strong>-\u00bfQu\u00e9 es lo m\u00e1s bonito de la maternidad para ti?<\/strong><br \/>\nLa sonrisa de mi hijo cada ma\u00f1ana. Sus besos, sus abrazos. Todo vali\u00f3 la pena. \u00a1Absolutamente, todo!<\/p>\n","protected":false},"excerpt":{"rendered":"<p>Laura encarna una de las figuras m\u00e1s populares de la blogosfera de la maternidad, Mam\u00e1 Ingeniera. Este es su quinto blog, as\u00ed que conoce muy bien el sector de la [&hellip;]<\/p>\n","protected":false},"author":2,"featured_media":2751,"comment_status":"open","ping_status":"open","sticky":false,"template":"","format":"standard","meta":[],"categories":[149],"tags":[2,166,167,449,450,451,228],"_links":{"self":[{"href":"https:\/\/www.accuna.es\/blog\/wp-json\/wp\/v2\/posts\/2750"}],"collection":[{"href":"https:\/\/www.accuna.es\/blog\/wp-json\/wp\/v2\/posts"}],"about":[{"href":"https:\/\/www.accuna.es\/blog\/wp-json\/wp\/v2\/types\/post"}],"author":[{"embeddable":true,"href":"https:\/\/www.accuna.es\/blog\/wp-json\/wp\/v2\/users\/2"}],"replies":[{"embeddable":true,"href":"https:\/\/www.accuna.es\/blog\/wp-json\/wp\/v2\/comments?post=2750"}],"version-history":[{"count":0,"href":"https:\/\/www.accuna.es\/blog\/wp-json\/wp\/v2\/posts\/2750\/revisions"}],"wp:featuredmedia":[{"embeddable":true,"href":"https:\/\/www.accuna.es\/blog\/wp-json\/wp\/v2\/media\/2751"}],"wp:attachment":[{"href":"https:\/\/www.accuna.es\/blog\/wp-json\/wp\/v2\/media?parent=2750"}],"wp:term":[{"taxonomy":"category","embeddable":true,"href":"https:\/\/www.accuna.es\/blog\/wp-json\/wp\/v2\/categories?post=2750"},{"taxonomy":"post_tag","embeddable":true,"href":"https:\/\/www.accuna.es\/blog\/wp-json\/wp\/v2\/tags?post=2750"}],"curies":[{"name":"wp","href":"https:\/\/api.w.org\/{rel}","templated":true}]}}