
{"id":3303,"date":"2017-07-01T11:42:31","date_gmt":"2017-07-01T09:42:31","guid":{"rendered":"http:\/\/www.accuna.es\/?p=3303"},"modified":"2017-07-01T11:42:31","modified_gmt":"2017-07-01T09:42:31","slug":"las-cinco-preguntas-del-mes-de-junio","status":"publish","type":"post","link":"https:\/\/www.accuna.es\/blog\/las-cinco-preguntas-del-mes-de-junio\/","title":{"rendered":"Las cinco preguntas del mes de junio"},"content":{"rendered":"<p style=\"text-align: justify;\">Cuando\u00a0hablamos de reproducci\u00f3n asistida, ginecolog\u00eda o maternidad surgen multitud de dudas y cuestiones. Por eso, como venimos haciendo de forma mensual, hemos escogido cinco dudas habituales de nuestras pacientes que han surgido durante el mes de marzo, que el <a href=\"\/blog\/sobre-accuna\/equipo-medico\/\" target=\"_blank\">equipo m\u00e9dico de Accuna<\/a>\u00a0responde:<\/p>\n<p style=\"text-align: justify;\"><strong>Soy madre primeriza y me da miedo a que se adelante el parto. \u00bfPuede suceder?<\/strong><\/p>\n<p style=\"text-align: justify;\">R: Cualquier embarazada, sea o no primeriza, puede cursar con una amenaza de parto pretermito que desencadene en un parto prematuro. Uno de cada diez embarazos puede culminar por debajo de las 37 semanas de gestaci\u00f3n, cuando lo normal para ser a t\u00e9rmino est\u00e1 entre la 37 y la 41 semana.<\/p>\n<p style=\"text-align: justify;\">Diversas causas como embarazos m\u00faltiples, hipertensi\u00f3n durante el embarazo, miomatosis uterina o sufrimiento fetal pueden desencadenar en un parto prematuro.<\/p>\n<p style=\"text-align: justify;\">El especialista ser\u00e1 quien, durante los controles obst\u00e9tricos, detectar\u00e1 las patolog\u00edas y\/o factores de riesgo, para tratarlas y alargar el embarazo lo m\u00e1s cercano posible a las 37 semanas, en beneficio del binomio materno-fetal.<\/p>\n<p style=\"text-align: justify;\"><strong>\u00bfQu\u00e9 puede provocar un aborto y que pierda al beb\u00e9?<\/strong><\/p>\n<p style=\"text-align: justify;\">R: El aborto espont\u00e1neo es la p\u00e9rdida involuntaria del embarazo por debajo de las 22 semanas de gestaci\u00f3n o cuando el peso fetal es inferior a 500 gramos.<\/p>\n<p style=\"text-align: justify;\">Las causas de un aborto espont\u00e1neo son m\u00faltiples: embarazos en adolescentes, consumo de sustancias estupefacientes, malformaciones fetales, obesidad materna, incompetencia \u00edstmico-cervical (cuello uterino incompetente), patolog\u00edas autoinmunes maternas, etc.<\/p>\n<p style=\"text-align: justify;\">Lo m\u00e1s importante para la mujer embarazada es acudir al especialista, inclusive en la etapa pre-concepcional, para detectar los factores de riesgo (de existir) y comenzar desde las primeras semanas del embarazo a los controles obst\u00e9tricos, minimizando as\u00ed las probabilidades de un aborto.<\/p>\n<p style=\"text-align: justify;\"><strong>\u00bfC\u00f3mo puedo saber si el beb\u00e9 est\u00e1 bien durante el embarazo? <\/strong><\/p>\n<p style=\"text-align: justify;\">R: Lo m\u00e1s indicado para la mujer embarazada es acudir desde las primeras etapas a los controles de embarazo. La matrona y el m\u00e9dico especialista son los profesionales indicados para aconsejar e instruir a la paciente gestante en esta importante etapa de su vida. Es en esta consulta donde la mujer plantear\u00e1 las distintas dudas sobre la forma m\u00e1s id\u00f3nea de llevar el embarazo, desde el tipo de alimentaci\u00f3n, hasta la actividad f\u00edsica, el n\u00famero de consultas o la medicaci\u00f3n suplementaria.<\/p>\n<p style=\"text-align: justify;\">Por \u00faltimo, una baja carga de estr\u00e9s y seguir los lineamientos de los especialistas minimizan notablemente las posibilidades del da\u00f1o fetal.<\/p>\n<p style=\"text-align: justify;\"><strong>Y si enfermo, \u00bfc\u00f3mo se ver\u00e1 afectado mi beb\u00e9?<\/strong><\/p>\n<p style=\"text-align: justify;\">R: Las posibles afectaciones fetales van a depender de la patolog\u00eda materna que las origine.<\/p>\n<p style=\"text-align: justify;\">De capital importancia es la consulta pre-concepcional, sobre todo si la futura madre tiene una patolog\u00eda pre-existente. De igual forma, debe realizarse un control de embarazo completo, donde el especialista pueda detectar una enfermedad materna que se presente durante el embarazo, y poder tomar las medidas necesaria para corregir el estado de salud materno-fetal<\/p>\n<p style=\"text-align: justify;\"><strong>Mis n\u00e1useas y mareos matutinos no me dejan comer y tengo miedo a que mi beb\u00e9 no est\u00e9 bien alimentando. \u00bfAlguna recomendaci\u00f3n?<\/strong><\/p>\n<p style=\"text-align: justify;\">R: Por lo general el primer trimestre del embarazo puede ser muy sintom\u00e1tico, y entre los s\u00edntomas m\u00e1s comunes est\u00e1n las n\u00e1useas matutinas. Hay un arsenal terap\u00e9utico disponible que el especialista puede recomendar en estos casos para mitigar estos s\u00edntomas. Una buena forma de disminuirlas es el tomar porciones peque\u00f1as de alimentos disminuyendo el espacio de tiempo entre las horas de comer e intentar comer alimentos semis\u00f3lidos. De esta forma, facilitaremos la digesti\u00f3n.<\/p>\n<p style=\"text-align: justify;\">Equipo m\u00e9dico de Accuna<\/p>\n<p>&nbsp;<\/p>\n","protected":false},"excerpt":{"rendered":"<p>Cuando\u00a0hablamos de reproducci\u00f3n asistida, ginecolog\u00eda o maternidad surgen multitud de dudas y cuestiones. Por eso, como venimos haciendo de forma mensual, hemos escogido cinco dudas habituales de nuestras pacientes que [&hellip;]<\/p>\n","protected":false},"author":2,"featured_media":3304,"comment_status":"open","ping_status":"open","sticky":false,"template":"","format":"standard","meta":[],"categories":[10],"tags":[375,21,452,167,193],"_links":{"self":[{"href":"https:\/\/www.accuna.es\/blog\/wp-json\/wp\/v2\/posts\/3303"}],"collection":[{"href":"https:\/\/www.accuna.es\/blog\/wp-json\/wp\/v2\/posts"}],"about":[{"href":"https:\/\/www.accuna.es\/blog\/wp-json\/wp\/v2\/types\/post"}],"author":[{"embeddable":true,"href":"https:\/\/www.accuna.es\/blog\/wp-json\/wp\/v2\/users\/2"}],"replies":[{"embeddable":true,"href":"https:\/\/www.accuna.es\/blog\/wp-json\/wp\/v2\/comments?post=3303"}],"version-history":[{"count":0,"href":"https:\/\/www.accuna.es\/blog\/wp-json\/wp\/v2\/posts\/3303\/revisions"}],"wp:featuredmedia":[{"embeddable":true,"href":"https:\/\/www.accuna.es\/blog\/wp-json\/wp\/v2\/media\/3304"}],"wp:attachment":[{"href":"https:\/\/www.accuna.es\/blog\/wp-json\/wp\/v2\/media?parent=3303"}],"wp:term":[{"taxonomy":"category","embeddable":true,"href":"https:\/\/www.accuna.es\/blog\/wp-json\/wp\/v2\/categories?post=3303"},{"taxonomy":"post_tag","embeddable":true,"href":"https:\/\/www.accuna.es\/blog\/wp-json\/wp\/v2\/tags?post=3303"}],"curies":[{"name":"wp","href":"https:\/\/api.w.org\/{rel}","templated":true}]}}