
{"id":3462,"date":"2017-09-25T17:11:17","date_gmt":"2017-09-25T15:11:17","guid":{"rendered":"http:\/\/www.accuna.es\/?p=3462"},"modified":"2017-09-25T17:11:17","modified_gmt":"2017-09-25T15:11:17","slug":"vivo-la-maternidad-con-amor-y-humor","status":"publish","type":"post","link":"https:\/\/www.accuna.es\/blog\/vivo-la-maternidad-con-amor-y-humor\/","title":{"rendered":"&quot;Vivo la maternidad con amor y humor&quot;"},"content":{"rendered":"<figure id=\"attachment_3465\" class=\"thumbnail wp-caption alignright\" style=\"width: 320px\"><a href=\"\/blog\/wp-content\/uploads\/2017\/09\/Screenshot_2017-03-23-12-20-26.png\"><img loading=\"lazy\" class=\"wp-image-3465 \" src=\"\/blog\/wp-content\/uploads\/2017\/09\/Screenshot_2017-03-23-12-20-26-711x1024.png\" alt=\"&quot;Vivo la maternidad con amor y humor&quot;\" width=\"320\" height=\"475\" \/><\/a><figcaption class=\"caption wp-caption-text\">\u00abVivo la maternidad con amor y humor\u00bb<\/figcaption><\/figure>\n<p style=\"text-align: justify;\"><strong>Ana Mellinas<\/strong> tiene 39 a\u00f1os. Es la autora del <strong>blog<\/strong> <a href=\"https:\/\/www.conunoymedio.com\/\" target=\"_blank\">Con uno y medio.<\/a> Naci\u00f3 con <strong>agenesia de antebrazo derecho<\/strong> (le falta el antebrazo). Este hecho marc\u00f3 su vida de forma decisiva pero nunca se tom\u00f3 su discapacidad como algo negativo, sino como un reto. Decidi\u00f3 demostrar que no s\u00f3lo no necesitaba ayuda, sino que adem\u00e1s ella pod\u00eda contribuir a ayudar a los dem\u00e1s y para ello, se form\u00f3 como educadora infantil, <strong>T\u00e9cnico Superior en Animaci\u00f3n Socio Cultural (TASOC)<\/strong>, <strong>T\u00e9cnico en atenci\u00f3n a personas Dependientes (TAPS)<\/strong>. A d\u00eda de hoy lleva casi una d\u00e9cada trabajando en un centro de personas con discapacidad intelectual donde ha crecido y aprendido much\u00edsimo.<\/p>\n<p style=\"text-align: justify;\"><strong>-\u00bfDe qu\u00e9 hablas en tu blog?<\/strong><\/p>\n<p style=\"text-align: justify;\">En mi blog hablo de mi experiencia como madre con discapacidad que cr\u00eda con amor y apego. De nuestro d\u00eda a d\u00eda, de vivencias, experiencias, en definitiva de la vida.<\/p>\n<p style=\"text-align: justify;\"><strong>-\u00bfC\u00f3mo vives la maternidad? \u00bfTuviste que recurrir a la reproducci\u00f3n asistida?<\/strong><\/p>\n<p style=\"text-align: justify;\">No tuve que recurrir a la<a href=\"\/blog\/blog\/2016\/11\/24\/diez-motivos-para-iniciar-un-tratamiento-de-reproduccion-asistida\/\" target=\"_blank\"> <strong>reproducci\u00f3n asistida<\/strong><\/a>, pero no habr\u00eda dudado en hacerlo si lo hubiese necesitado. Tener diferentes opciones y oportunidades me parece maravilloso, es genial que hoy en d\u00eda haya tantos medios y caminos para llegar a una <strong>maternidad\/<a href=\"\/blog\/blog\/2016\/06\/07\/todos-los-hombres-pueden-donar-semen\/\" target=\"_blank\">paternidad<\/a><\/strong> deseada. Yo, como digo en alguno de mis textos, la vivo con amor y humor. Para m\u00ed no te cambia la vida, te la revoluciona, te la pone patas arriba, es una carrera de fondo, un aprendizaje constante, y creo que con estos dos ingredientes se consigue vivirla y disfrutarla a tope.<\/p>\n<p style=\"text-align: justify;\"><strong>-\u00bfC\u00f3mo surgi\u00f3 la idea de crear este blog?<\/strong><\/p>\n<p style=\"text-align: justify;\">Surgi\u00f3 con el nacimiento de mi primer hijo. Le di muchas vueltas, pero no fue hasta tener a la segunda y cuando lleg\u00f3 la ayuda necesaria cuando decid\u00ed llevarlo a cabo. Para m\u00ed en el momento ideal. Hablar sobre mi discapacidad a mis hijos y otros ni\u00f1os fue la motivaci\u00f3n principal.<\/p>\n<p style=\"text-align: justify;\"><strong>-\u00bfQu\u00e9 te ha aportado a nivel personal? \u00bfQu\u00e9 est\u00e1s aprendiendo con \u00e9l?<\/strong><\/p>\n<p style=\"text-align: justify;\">Me aporta much\u00edsimo. Me ordena los pensamientos, las emociones, mantiene mi mente siempre activa en busca de ideas. Estoy aprendiendo, conociendo gente, ofreci\u00e9ndome oportunidades. Me parece algo maravilloso y agradezco cada d\u00eda la oportunidad que me brinda la blogosfera para todo esto.<\/p>\n<p style=\"text-align: justify;\"><strong>-\u00bfQu\u00e9 piensas sobre la gestaci\u00f3n subrogada, un tema muy pol\u00e9mico actualmente?<\/strong><\/p>\n<p style=\"text-align: justify;\">Como dije antes, cuantas m\u00e1s v\u00edas para llegar a la <strong>maternidad<\/strong> existan, m\u00e1s familias podr\u00e1n disfrutarla. Hoy en d\u00eda existen tantos <strong>modelos familiares<\/strong> y circunstancias personales que est\u00e1 v\u00eda es una m\u00e1s, pero pienso que debe darse dentro de una legalidad, cumpliendo unas leyes y normas, y bajo control m\u00e9dico y psicol\u00f3gico, sobre todo porque implica vidas humanas, sentimientos, emociones, sus cuerpos, su salud, y es fundamental que se eviten situaciones de abuso hacia las personas o riesgos para la salud.<\/p>\n<p style=\"text-align: justify;\"><strong>-\u00bfMomentos que te hayan sorprendido o alegr\u00edas que te has llevado en el mundo de las madres blogueras?<\/strong><\/p>\n<p style=\"text-align: justify;\">Entrar en <a href=\"https:\/\/madresfera.com\/\" target=\"_blank\"><strong>Madresfera<\/strong><\/a> fue para m\u00ed una experiencia maravillosa. He conocido a gente incre\u00edble de la que aprendo cada d\u00eda, pero adem\u00e1s, la primera vez que acud\u00ed a un evento y pude poner cara a las personas que est\u00e1n detr\u00e1s de algunos blogs, me hizo sentir parte de algo grande y bonito, que tengo compa\u00f1eros y amigos.<\/p>\n<p style=\"text-align: justify;\"><strong>-\u00bfCu\u00e1les son los temas por los que m\u00e1s te pregunta tu audiencia?\u00a0\u00a0\u00a0\u00a0\u00a0\u00a0\u00a0\u00a0\u00a0\u00a0\u00a0\u00a0\u00a0\u00a0\u00a0\u00a0\u00a0\u00a0\u00a0\u00a0\u00a0\u00a0\u00a0\u00a0\u00a0\u00a0\u00a0<\/strong><\/p>\n<p style=\"text-align: justify;\">Me escriben mam\u00e1s con ni\u00f1os con alguna discapacidad, con alguna duda,pero sobre todo para las que sirvo de inspiraci\u00f3n y\/o motivaci\u00f3n y esto me ruboriza un poco,pero tambi\u00e9n me llena de orgullo y me motiva a seguir.<\/p>\n<p style=\"text-align: justify;\"><strong>-\u00bfQui\u00e9nes son tus mam\u00e1s blogueras -o pap\u00e1s blogueros- de referencia?<\/strong><\/p>\n<p style=\"text-align: justify;\">Estoy empezando a leer y seguir muchos blogs desde que estoy en <strong>Madresfera<\/strong>. Tanots que trato de ir poco a poco ley\u00e9ndolos, porque aprendo y\u00a0 me aportan conocimientos nuevos Pero si he de nombrar algunos, nombrar\u00e9 a <strong>\u00ab<a href=\"http:\/\/www.ydeverdadtienestres.com\/\" target=\"_blank\">Y de verdad tienes tres\u00bb<\/a><\/strong>, Vanesa es un ejemplo de luchadora; a <strong><a href=\"http:\/\/www.cuestiondemadres.com\/\" target=\"_blank\">\u00abCuesti\u00f3n de madres\u00bb<\/a><\/strong>, aprendo mucho de ella cada vez que la leo y conversamos habitualmente; <strong><a href=\"http:\/\/www.conlosninosenlamochila.com\/\" target=\"_blank\">\u00abCon los ni\u00f1os en la mochila\u00bb<\/a><\/strong>, super din\u00e1mico y divertido, adem\u00e1s las tres son alicantinas como yo. Pero como dije, son s\u00f3lo una muestra de mucha gente que sigo y admiro.<\/p>\n<p style=\"text-align: justify;\"><strong>-\u00bfQu\u00e9 consejos le dar\u00edas a una mami que se embarque en el mundo de la blogosfera?<\/strong><\/p>\n<p style=\"text-align: justify;\">Ante todo que disfrute, que sea ella misma, que sea fiel a sus pensamientos y filosof\u00eda, y constancia, mucha constancia.<\/p>\n<p style=\"text-align: justify;\"><strong>-\u00bfCu\u00e1l crees que es el \u00e9xito de un blog familiar?<\/strong><\/p>\n<p style=\"text-align: justify;\">La perseverancia es fundamental para el \u00e9xito de cualquier blog.<\/p>\n","protected":false},"excerpt":{"rendered":"<p>Ana Mellinas tiene 39 a\u00f1os. Es la autora del blog Con uno y medio. Naci\u00f3 con agenesia de antebrazo derecho (le falta el antebrazo). Este hecho marc\u00f3 su vida de [&hellip;]<\/p>\n","protected":false},"author":2,"featured_media":3464,"comment_status":"open","ping_status":"open","sticky":false,"template":"","format":"standard","meta":[],"categories":[149],"tags":[21,166,167,163],"_links":{"self":[{"href":"https:\/\/www.accuna.es\/blog\/wp-json\/wp\/v2\/posts\/3462"}],"collection":[{"href":"https:\/\/www.accuna.es\/blog\/wp-json\/wp\/v2\/posts"}],"about":[{"href":"https:\/\/www.accuna.es\/blog\/wp-json\/wp\/v2\/types\/post"}],"author":[{"embeddable":true,"href":"https:\/\/www.accuna.es\/blog\/wp-json\/wp\/v2\/users\/2"}],"replies":[{"embeddable":true,"href":"https:\/\/www.accuna.es\/blog\/wp-json\/wp\/v2\/comments?post=3462"}],"version-history":[{"count":0,"href":"https:\/\/www.accuna.es\/blog\/wp-json\/wp\/v2\/posts\/3462\/revisions"}],"wp:featuredmedia":[{"embeddable":true,"href":"https:\/\/www.accuna.es\/blog\/wp-json\/wp\/v2\/media\/3464"}],"wp:attachment":[{"href":"https:\/\/www.accuna.es\/blog\/wp-json\/wp\/v2\/media?parent=3462"}],"wp:term":[{"taxonomy":"category","embeddable":true,"href":"https:\/\/www.accuna.es\/blog\/wp-json\/wp\/v2\/categories?post=3462"},{"taxonomy":"post_tag","embeddable":true,"href":"https:\/\/www.accuna.es\/blog\/wp-json\/wp\/v2\/tags?post=3462"}],"curies":[{"name":"wp","href":"https:\/\/api.w.org\/{rel}","templated":true}]}}