
{"id":3600,"date":"2017-11-07T19:36:17","date_gmt":"2017-11-07T17:36:17","guid":{"rendered":"http:\/\/www.accuna.es\/?p=3600"},"modified":"2019-11-18T11:36:42","modified_gmt":"2019-11-18T11:36:42","slug":"adopcion-de-embriones-mi-solucion-para-ser-mama","status":"publish","type":"post","link":"https:\/\/www.accuna.es\/blog\/adopcion-de-embriones-mi-solucion-para-ser-mama\/","title":{"rendered":"\u00abLa adopci\u00f3n de un embri\u00f3n, mi soluci\u00f3n para ser mam\u00e1\u00bb"},"content":{"rendered":"\n<p><strong>Violeta<\/strong>\u00a0padece una\u00a0<strong>enfermedad rara<\/strong>, que le dificultaba ser madre por riesgo a que se la transmitiera de forma hereditaria a su beb\u00e9. Para que pudiera tener una descendencia sana, se le propusieron varias posibilidades: hacer una fecundaci\u00f3n in vitro con DGP (diagn\u00f3stico gen\u00e9tico preimplantacional), hacer un tratamiento de doble donaci\u00f3n de gametos (\u00f3vulos y semen) o una embrioadopci\u00f3n. Finalmente, dado que ella no ten\u00eda pareja masculina que aportara su semen, le aconsejamos decantarse por la adopci\u00f3n de un embri\u00f3n, una alternativa m\u00e1s econ\u00f3mica, eficaz y menos compleja. Hemos hablado con ella para conocer su experiencia en la cl\u00ednica y esto es lo que nos ha contado:<br><br><\/p>\n\n\n\n<h2><strong>\u00bfRecuerdas\nc\u00f3mo fue la primera visita? \u00bfC\u00f3mo te sentiste?<\/strong><strong><\/strong><\/h2>\n\n\n\n<p>La primera vez que fui a\u00a0<a rel=\"noreferrer noopener\" href=\"https:\/\/www.accuna.es\/blog\/blog\/2017\/09\/07\/fertilidad-accuna-2\/\" target=\"_blank\">cl\u00ednica Accuna<\/a>\u00a0estaba ilusionada, porque la ocasi\u00f3n lo merec\u00eda, pero tambi\u00e9n algo nerviosa, como es natural por las circunstancias. El caso es que el trato fue inmejorable y el doctor me lo puso todo tan f\u00e1cil que eso me daba miedo, debo admitir.<br><br><\/p>\n\n\n\n<h2><strong>\u00bfC\u00f3mo\nfue tu experiencia durante el procedimiento?<\/strong><strong><\/strong><\/h2>\n\n\n\n<p>Mutable, con altibajos y un c\u00f3ctel molotov de sentimientos. Mi experiencia durante el proceso la recuerdo como una monta\u00f1a rusa, con ilusi\u00f3n, miedo, alegr\u00edas e incertidumbre.<br><br><\/p>\n\n\n\n<h2><strong>\u00bfTen\u00edas\nmiedo de someterte a un tratamiento de reproducci\u00f3n asistida al inicio?<\/strong><strong><\/strong><\/h2>\n\n\n\n<p>El equipo de m\u00e9dicos de\u00a0<strong>Accuna<\/strong>\u00a0me brind\u00f3 un trato inmejorable desde el principio. Me solucionaron todas las dudas al momento y siempre con una sonrisa, lo que hizo que se disiparan todos mis temores y la alegr\u00eda por ver la cara de mi hijo alimentara esa ilusi\u00f3n. Por tanto, no tuve miedo al someterme al\u00a0<a rel=\"noreferrer noopener\" href=\"https:\/\/www.accuna.es\/blog\/blog\/2017\/05\/15\/tratamientos-fertilidad\/\" target=\"_blank\">tratamiento de reproducci\u00f3n asistida<\/a>\u00a0ya que era la puerta hacia mi sue\u00f1o, lo que si me aterraba era la ca\u00edda , que no funcionase y tener que empezar desde cero, porque la cabeza te juega malas pasadas.<br><br><\/p>\n\n\n\n<h2><strong>\u00bfCu\u00e1les\neran las dudas que te asaltaban al principio?<\/strong><strong><\/strong><\/h2>\n\n\n\n<p>El d\u00eda de la transferencia fue precioso, ya que no pude sentirme m\u00e1s c\u00f3moda y arropada por todos. Lo que peor recuerdo fue la\u00a0<a rel=\"noreferrer noopener\" href=\"https:\/\/www.accuna.es\/blog\/blog\/2017\/07\/17\/la-psicologia-herramienta-esencial-para-un-tratamiento-de-fertilidad\/\" target=\"_blank\">Beta espera<\/a>, esos d\u00edas despu\u00e9s de la transferencia donde se juntan los miedos con un mont\u00f3n de sentimientos y los d\u00edas se hacen eternos.<br><br><\/p>\n\n\n\n<h2><strong>\u00bfQu\u00e9\nera lo que m\u00e1s te preocupaba?<\/strong><strong><\/strong><\/h2>\n\n\n\n<p>La verdad es que no ten\u00eda ninguna cuesti\u00f3n en mente, porque en la\u00a0<a rel=\"noreferrer noopener\" href=\"https:\/\/www.accuna.es\/blog\/blog\/2016\/03\/08\/como-sera-tu-primera-visita-a-accuna\/\" target=\"_blank\">primera consulta<\/a>\u00a0el doctor me lo explic\u00f3 todo con detalle. Pero luego s\u00ed que me surgieron dudas con la medicaci\u00f3n que ten\u00eda que tomarme antes de la transferencia.<br><br><\/p>\n\n\n\n<h2><strong>\u00bfC\u00f3mo\nviviste el seguimiento del embarazo?<\/strong><strong><\/strong><\/h2>\n\n\n\n<p>El momento del embarazo es de las cosas m\u00e1s bonitas que me ha pasado en la vida. Nunca olvidar\u00e9 esa llamada donde el doctor me dec\u00eda:\u00a0<strong><em>\u201c\u00a1Felicidades, tu beta es positiva, vas a ser mam\u00e1!<\/em><\/strong>\u201c. No pod\u00eda controlar las l\u00e1grimas, y no me lo cre\u00eda, lo hab\u00eda conseguido.\u00a0 El seguimiento del embarazo lo llev\u00e9 por cuenta p\u00fablica, ya que por mi enfermedad me pusieron en alto riesgo y me llevaban muy controlada, eso s\u00ed, la primera vez que le escuch\u00e9 el coraz\u00f3n a mi peque\u00f1o fue all\u00ed, y eso es algo m\u00e1gico.<br><br><\/p>\n\n\n\n<h2><strong>Ahora\nque eres mam\u00e1, \u00bfc\u00f3mo est\u00e1s viviendo la maternidad? \u00bfEra lo que esperabas?<\/strong><strong><\/strong><\/h2>\n\n\n\n<p>La\u00a0<a rel=\"noreferrer noopener\" href=\"https:\/\/www.accuna.es\/blog\/blog\/2017\/09\/25\/vivo-la-maternidad-con-amor-y-humor\/\" target=\"_blank\">maternidad<\/a>\u00a0la estoy viviendo muy bonita, eso s\u00ed, es mucho m\u00e1s dura y dif\u00edcil de lo que me imaginaba, cuando te conviertes en mam\u00e1 pasas a un segundo plano, es como si dejaras de existir y ya solo existiera tu beb\u00e9.<br><br><\/p>\n\n\n\n<h2><strong>\u00bfSueles\nrecurrir a blogs de mam\u00e1s para hacer consultas o informarte de temas\nrelacionados con la maternidad?<\/strong><strong><\/strong><\/h2>\n\n\n\n<p>S\u00ed que me gusta recurrir a blogs y leer experiencias de otras mam\u00e1s y mujeres que luchan por alcanzar su sue\u00f1o. Yo les recomiendo a todas que sigan luchando, que hay personas como el\u00a0<a rel=\"noreferrer noopener\" href=\"https:\/\/www.accuna.es\/blog\/sobre-accuna\/equipo-medico\/\" target=\"_blank\">equipo de Accuna<\/a>\u00a0que consiguen realizar ese sue\u00f1o y que, por muy dif\u00edcil que a veces parezca, si luchas por tus sue\u00f1os tarde o temprano se hacen realidad.<br><br><\/p>\n\n\n\n<h2><strong>\u00bfQu\u00e9 consejo le\ndar\u00edas a una mam\u00e1 primeriza?<\/strong><strong><\/strong><\/h2>\n\n\n\n<p>No\npuedo dar consejos a una madre primeriza ya que yo tambi\u00e9n lo soy pero creo que\nlos consejos est\u00e1n de m\u00e1s ya que por mucho que te diga la gente siempre vas\nhacer lo mejor que consideras mejor para tu hijo.<\/p>\n","protected":false},"excerpt":{"rendered":"<p>Violeta\u00a0padece una\u00a0enfermedad rara, que le dificultaba ser madre por riesgo a que se la transmitiera de forma hereditaria a su beb\u00e9. Para que pudiera tener una descendencia sana, se le [&hellip;]<\/p>\n","protected":false},"author":2,"featured_media":3603,"comment_status":"open","ping_status":"open","sticky":false,"template":"","format":"standard","meta":[],"categories":[28],"tags":[2,18,287,21,591,167,221,193,592,48,246,326],"_links":{"self":[{"href":"https:\/\/www.accuna.es\/blog\/wp-json\/wp\/v2\/posts\/3600"}],"collection":[{"href":"https:\/\/www.accuna.es\/blog\/wp-json\/wp\/v2\/posts"}],"about":[{"href":"https:\/\/www.accuna.es\/blog\/wp-json\/wp\/v2\/types\/post"}],"author":[{"embeddable":true,"href":"https:\/\/www.accuna.es\/blog\/wp-json\/wp\/v2\/users\/2"}],"replies":[{"embeddable":true,"href":"https:\/\/www.accuna.es\/blog\/wp-json\/wp\/v2\/comments?post=3600"}],"version-history":[{"count":1,"href":"https:\/\/www.accuna.es\/blog\/wp-json\/wp\/v2\/posts\/3600\/revisions"}],"predecessor-version":[{"id":5326,"href":"https:\/\/www.accuna.es\/blog\/wp-json\/wp\/v2\/posts\/3600\/revisions\/5326"}],"wp:featuredmedia":[{"embeddable":true,"href":"https:\/\/www.accuna.es\/blog\/wp-json\/wp\/v2\/media\/3603"}],"wp:attachment":[{"href":"https:\/\/www.accuna.es\/blog\/wp-json\/wp\/v2\/media?parent=3600"}],"wp:term":[{"taxonomy":"category","embeddable":true,"href":"https:\/\/www.accuna.es\/blog\/wp-json\/wp\/v2\/categories?post=3600"},{"taxonomy":"post_tag","embeddable":true,"href":"https:\/\/www.accuna.es\/blog\/wp-json\/wp\/v2\/tags?post=3600"}],"curies":[{"name":"wp","href":"https:\/\/api.w.org\/{rel}","templated":true}]}}