
{"id":3738,"date":"2018-02-05T20:01:22","date_gmt":"2018-02-05T18:01:22","guid":{"rendered":"http:\/\/www.accuna.es\/?p=3738"},"modified":"2018-02-05T20:01:22","modified_gmt":"2018-02-05T18:01:22","slug":"si-tengo-colicos-menstruales-puedo-ser-infertil","status":"publish","type":"post","link":"https:\/\/www.accuna.es\/blog\/si-tengo-colicos-menstruales-puedo-ser-infertil\/","title":{"rendered":"Si tengo c\u00f3licos menstruales, \u00bfpuedo ser inf\u00e9rtil?"},"content":{"rendered":"<p>Seg\u00fan apunta el <a href=\"\/blog\/sobre-accuna\/equipo-medico\/\" target=\"_blank\">equipo m\u00e9dico de Accuna<\/a>, lo m\u00e1s importante es conocer en qu\u00e9 consiste un <strong>c\u00f3lico<\/strong> para que llegado el momento sepas lo que est\u00e1 ocurirendo y cuentes con las herramientas necesarias para hacerle frente. El \u00fatero es un \u00f3rgano que est\u00e1 formado por fibras musculares, que con la regla, se contraen para facilitar la expulsi\u00f3n de la sangre menstrual. La liberaci\u00f3n de sustancias como las prostaglandinas, por parte del \u00f3rgano interno femenino, incrementa las contracciones y, favorece la aparici\u00f3n de s\u00edntomas como las n\u00e1useas, los v\u00f3mitos, las cefaleas, la irritabilidad etc\u2026<br \/>\nAsimismo, el uso de analg\u00e9sicos antiinflamatorios como el ibuprofeno, puede mitigar esta sintomatolog\u00eda, que incluso puede presentarse un par de d\u00edas antes de la regla. Pero algunas <a href=\"\/blog\/blog\/2017\/02\/24\/como-interpretar-los-niveles-de-hcg-durante-el-embarazo\/\" target=\"_blank\">patolog\u00edas<\/a> relativamente frecuentes, como la <strong>endometriosis<\/strong>, pueden exacerbar los c\u00f3licos durante los d\u00edas del periodo menstrual y, por lo general, aumentar en intensidad a medida que transcurre el tiempo y son, una de las principales causas, no solo de c\u00f3licos menstruales, sino tambi\u00e9n de la esterilidad femenina.<br \/>\nPor todo lo anterior es recomendable que ante una<strong> sintomatolog\u00eda<\/strong> de c\u00f3licos menstruales y, sobre todo, de no presentar mejor\u00eda por v\u00eda farmacol\u00f3gica, la paciente acuda a su ginec\u00f3logo para as\u00ed poder diagnosticar el origen de estos s\u00edntomas y sepa cu\u00e1l es el correcto tratamiento que hay que suministrar, para poder despejar las dudas sobre su efecto en la futura <a href=\"\/blog\/blog\/2017\/10\/09\/la-maternidad-en-la-blogosfera\/\" target=\"_blank\"><strong>maternidad<\/strong><\/a>.<\/p>\n","protected":false},"excerpt":{"rendered":"<p>Seg\u00fan apunta el equipo m\u00e9dico de Accuna, lo m\u00e1s importante es conocer en qu\u00e9 consiste un c\u00f3lico para que llegado el momento sepas lo que est\u00e1 ocurirendo y cuentes con [&hellip;]<\/p>\n","protected":false},"author":2,"featured_media":3739,"comment_status":"open","ping_status":"open","sticky":false,"template":"","format":"standard","meta":[],"categories":[17],"tags":[2,257,208,624,511,167,48,163,62],"_links":{"self":[{"href":"https:\/\/www.accuna.es\/blog\/wp-json\/wp\/v2\/posts\/3738"}],"collection":[{"href":"https:\/\/www.accuna.es\/blog\/wp-json\/wp\/v2\/posts"}],"about":[{"href":"https:\/\/www.accuna.es\/blog\/wp-json\/wp\/v2\/types\/post"}],"author":[{"embeddable":true,"href":"https:\/\/www.accuna.es\/blog\/wp-json\/wp\/v2\/users\/2"}],"replies":[{"embeddable":true,"href":"https:\/\/www.accuna.es\/blog\/wp-json\/wp\/v2\/comments?post=3738"}],"version-history":[{"count":0,"href":"https:\/\/www.accuna.es\/blog\/wp-json\/wp\/v2\/posts\/3738\/revisions"}],"wp:featuredmedia":[{"embeddable":true,"href":"https:\/\/www.accuna.es\/blog\/wp-json\/wp\/v2\/media\/3739"}],"wp:attachment":[{"href":"https:\/\/www.accuna.es\/blog\/wp-json\/wp\/v2\/media?parent=3738"}],"wp:term":[{"taxonomy":"category","embeddable":true,"href":"https:\/\/www.accuna.es\/blog\/wp-json\/wp\/v2\/categories?post=3738"},{"taxonomy":"post_tag","embeddable":true,"href":"https:\/\/www.accuna.es\/blog\/wp-json\/wp\/v2\/tags?post=3738"}],"curies":[{"name":"wp","href":"https:\/\/api.w.org\/{rel}","templated":true}]}}