
{"id":5468,"date":"2020-04-06T12:05:25","date_gmt":"2020-04-06T12:05:25","guid":{"rendered":"https:\/\/www.accuna.es\/blog\/?p=5468"},"modified":"2020-04-15T08:48:45","modified_gmt":"2020-04-15T08:48:45","slug":"salud-femenina-y-coronavirus","status":"publish","type":"post","link":"https:\/\/www.accuna.es\/blog\/salud-femenina-y-coronavirus\/","title":{"rendered":"Salud femenina y coronavirus"},"content":{"rendered":"\n<p>Ante la actual crisis sanitaria provocada por la enfermedad COVID-19 producida por el SARS-CoV-2, un tipo de coronavirus son muchas las preguntas que nos vienen a la mente y que mediante este post intentaremos resolver:<\/p>\n\n\n\n<h2><strong>\u00bfLa enfermedad tiene mayor afectaci\u00f3n en hombres que en mujeres?<\/strong><\/h2>\n\n\n\n<p>Actualmente se est\u00e1 observando que el n\u00famero de muertes es mayor en hombres que en mujeres pero no se puede afirmar tal hecho ya que puede estar sesgado por diferentes factores. Como sabemos, las muertes se producen fundamentalmente en poblaci\u00f3n de riesgo, es decir, poblaci\u00f3n que tiene otras patolog\u00edas acompa\u00f1antes (de ah\u00ed que afecte fundamentalmente a ancianos) tales como hipertensi\u00f3n arterial, diabetes, enfermedades cardio-respiratorias, que, son m\u00e1s prevalentes en hombres que en mujeres. Adem\u00e1s, la mayor\u00eda de muertes se producen en personas por encima de los 60 a\u00f1os y en este grupo poblacional el tabaco (factor de riesgo) se consume mayoritariamente en hombres, por lo que podr\u00eda ser la causa de estas diferencias epidemiol\u00f3gicas observadas. No obstante, se trata de una enfermedad nueva que apareci\u00f3 en China, concretamente en la ciudad de Wuhan, en diciembre de 2019 y a\u00fan quedan muchos aspectos epidemiol\u00f3gicos por identificar. <\/p>\n\n\n\n<h2><strong>\u00bfSi estoy embarazada tengo mayor riesgo de contagiarme?<\/strong><\/h2>\n\n\n\n<p>A d\u00eda de hoy existen muy pocos datos disponibles de embarazadas afectas de COVID-19, pero parece que las embarazadas no son m\u00e1s susceptibles de infectarse por coronavirus que la poblaci\u00f3n general. Como coment\u00e1bamos anteriormente, si la embarazada no tiene ninguna patolog\u00eda asociada si no que se trata de una paciente joven y sana, las medidas preventivas que se requieren son las mismas que las de la poblaci\u00f3n general. <\/p>\n\n\n\n<h2><strong>\u00bfCu\u00e1les son estas medidas?<\/strong><\/h2>\n\n\n\n<ul><li>Aislamiento domiciliario<\/li><li>Lavado de manos con agua y jab\u00f3n o soluciones hidroalcoh\u00f3licas de manera frecuente.<\/li><li>Uso de mascarilla en caso de tos o estornudos y\/o en su defecto, uso de pa\u00f1uelos desechables o utilizaci\u00f3n del codo. <\/li><li>Evitar tocarse los ojos, la nariz y la boca. <\/li><li>Evitar salir a comprar diariamente, es preferible comprar 1-2 veces por semana y, si el supermercado o mercado al que vamos a acudir tiene servicio de recogida de pedido hacer uso de este. Tambi\u00e9n es recomendable llevar lista si vamos al supermercado as\u00ed evitaremos hacer acopio de productos que no necesitamos y no olvidaremos los que s\u00ed.<\/li><li>Lavar las superficies con lej\u00eda diluida en agua fr\u00eda. <\/li><li>Tambi\u00e9n se puede utilizar como desinfectante alcohol de 70-90\u00ba<\/li><\/ul>\n\n\n\n<p><br>En caso de sintomatolog\u00eda (fiebre con T\u00aa&gt;38\u00baC, tos seca, fatiga, dolor muscular,\u2026) autoaislamiento domiciliario y contactar con los servicios sanitarios por v\u00eda telef\u00f3nica. <\/p>\n\n\n\n<h2><strong>\u00bfY si a\u00fan no estoy embarazada pero quiero ser madre?<\/strong><\/h2>\n\n\n\n<p>Pues adelante, sigue las recomendaciones anteriormente descritas y aprovecha el confinamiento, si ning\u00fan miembro de la pareja est\u00e1 afecto por COVID-19, para mantener relaciones sexuales regulares en tus d\u00edas f\u00e9rtiles (puedes ver diferentes post donde hablamos de ello en nuestro foro). Una vez pase este per\u00edodo y volvamos a abrir nuestra cl\u00ednica Accuna estaremos dispuestos a realizar un seguimiento de tu embarazo.<br><br><\/p>\n\n\n\n<p>Para m\u00e1s informaci\u00f3n acerca de c\u00f3mo puede afectar el COVID-19 a tu salud ginecol\u00f3gica no dudes en preguntarnos a trav\u00e9s de nuestras redes sociales. El gran equipo que formamos la cl\u00ednica Accuna estamos a tu disposici\u00f3n para ayudarte. <br><br><\/p>\n\n\n\n<p><a rel=\"noreferrer noopener\" aria-label=\"Dra. Sonia Albero, ginec\u00f3logo de Accuna. (abre en una nueva pesta\u00f1a)\" href=\"https:\/\/www.accuna.es\/quienes-somos\/equipo-medico\" target=\"_blank\"><strong>Dra. Sonia Albero, ginec\u00f3logo de Accuna.<\/strong><\/a><\/p>\n","protected":false},"excerpt":{"rendered":"<p>Ante la actual crisis sanitaria provocada por la enfermedad COVID-19 producida por el SARS-CoV-2, un tipo de coronavirus son muchas las preguntas que nos vienen a la mente y que [&hellip;]<\/p>\n","protected":false},"author":2,"featured_media":5471,"comment_status":"open","ping_status":"closed","sticky":false,"template":"","format":"standard","meta":[],"categories":[149,10],"tags":[18,739,745,21,457,167,5,193,246],"_links":{"self":[{"href":"https:\/\/www.accuna.es\/blog\/wp-json\/wp\/v2\/posts\/5468"}],"collection":[{"href":"https:\/\/www.accuna.es\/blog\/wp-json\/wp\/v2\/posts"}],"about":[{"href":"https:\/\/www.accuna.es\/blog\/wp-json\/wp\/v2\/types\/post"}],"author":[{"embeddable":true,"href":"https:\/\/www.accuna.es\/blog\/wp-json\/wp\/v2\/users\/2"}],"replies":[{"embeddable":true,"href":"https:\/\/www.accuna.es\/blog\/wp-json\/wp\/v2\/comments?post=5468"}],"version-history":[{"count":2,"href":"https:\/\/www.accuna.es\/blog\/wp-json\/wp\/v2\/posts\/5468\/revisions"}],"predecessor-version":[{"id":5478,"href":"https:\/\/www.accuna.es\/blog\/wp-json\/wp\/v2\/posts\/5468\/revisions\/5478"}],"wp:featuredmedia":[{"embeddable":true,"href":"https:\/\/www.accuna.es\/blog\/wp-json\/wp\/v2\/media\/5471"}],"wp:attachment":[{"href":"https:\/\/www.accuna.es\/blog\/wp-json\/wp\/v2\/media?parent=5468"}],"wp:term":[{"taxonomy":"category","embeddable":true,"href":"https:\/\/www.accuna.es\/blog\/wp-json\/wp\/v2\/categories?post=5468"},{"taxonomy":"post_tag","embeddable":true,"href":"https:\/\/www.accuna.es\/blog\/wp-json\/wp\/v2\/tags?post=5468"}],"curies":[{"name":"wp","href":"https:\/\/api.w.org\/{rel}","templated":true}]}}